{"id":10880,"date":"2026-09-03T16:21:58","date_gmt":"2026-09-03T20:21:58","guid":{"rendered":"https:\/\/www.hospitaldetalca.cl\/2022\/?p=10880"},"modified":"2026-09-03T16:21:59","modified_gmt":"2026-09-03T20:21:59","slug":"de-un-modelo-biomedico-a-un-biopsicosocial-la-importancia-de-la-humanizacion-en-salud-en-el-hrt","status":"publish","type":"post","link":"https:\/\/www.hospitaldetalca.cl\/2022\/?p=10880","title":{"rendered":"DE UN MODELO BIOM\u00c9DICO A UN BIOPSICOSOCIAL: LA IMPORTANCIA DE LA HUMANIZACI\u00d3N EN SALUD EN EL HRT"},"content":{"rendered":"\n<figure class=\"wp-block-image size-large\"><img loading=\"lazy\" decoding=\"async\" width=\"1024\" height=\"683\" src=\"https:\/\/www.hospitaldetalca.cl\/2022\/wp-content\/uploads\/2026\/09\/IMG_0044-1024x683.jpg\" alt=\"\" class=\"wp-image-10882\" srcset=\"https:\/\/www.hospitaldetalca.cl\/2022\/wp-content\/uploads\/2026\/09\/IMG_0044-1024x683.jpg 1024w, https:\/\/www.hospitaldetalca.cl\/2022\/wp-content\/uploads\/2026\/09\/IMG_0044-300x200.jpg 300w, https:\/\/www.hospitaldetalca.cl\/2022\/wp-content\/uploads\/2026\/09\/IMG_0044-768x512.jpg 768w, https:\/\/www.hospitaldetalca.cl\/2022\/wp-content\/uploads\/2026\/09\/IMG_0044-1536x1024.jpg 1536w, https:\/\/www.hospitaldetalca.cl\/2022\/wp-content\/uploads\/2026\/09\/IMG_0044-2048x1365.jpg 2048w, https:\/\/www.hospitaldetalca.cl\/2022\/wp-content\/uploads\/2026\/09\/IMG_0044-219x146.jpg 219w, https:\/\/www.hospitaldetalca.cl\/2022\/wp-content\/uploads\/2026\/09\/IMG_0044-50x33.jpg 50w, https:\/\/www.hospitaldetalca.cl\/2022\/wp-content\/uploads\/2026\/09\/IMG_0044-113x75.jpg 113w\" sizes=\"auto, (max-width: 1024px) 100vw, 1024px\" \/><\/figure>\n\n\n\n<p><strong> <\/strong>En el Hospital Regional de Talca (HRT), se realiz\u00f3 una doble jornada que reuni\u00f3 expositores del Hospital Regional de Temuco Dr. Hern\u00e1n Henriquez Aravena, donde se convers\u00f3 sobre la importancia de la humanizaci\u00f3n en salud, procesos de duelo y su acompa\u00f1amiento, el autocuidado de los equipos de salud, compartiendo estrategias y t\u00e9cnicas que han desarrollado para mejorar la atenci\u00f3n con pacientes.<\/p>\n\n\n\n<p>En ambas jornadas se observ\u00f3 una positiva asistencia de los funcionarios, directivos y miembros de la comunidad, quienes reflexionaron en torno a<strong> la importancia de pasar de un modelo de salud biom\u00e9dico a un modelo m\u00e1s humanista de tipo biopsicosocial centrado en las personas, sus familias y contexto dentro del hospital.<\/strong><\/p>\n\n\n\n<p>Desde esa perspectiva la <em>directora del hospital, Patricia Sandoval,<\/em> destac\u00f3 la importancia de centrar la atenci\u00f3n en las necesidades de cada persona \u201c<strong>estamos incorporando una nueva pol\u00edtica de humanizaci\u00f3n orientada en el bienestar de nuestros pacientes y funcionarios<\/strong>, porque queremos entregar una atenci\u00f3n cercana y de excelencia\u201d enfatiz\u00f3.<\/p>\n\n\n\n<p>Siguiendo esta misma l\u00ednea, la <em>jefa del subdepartamento de trabajo social y participaci\u00f3n ciudadana del HRT, Mar\u00eda Cecilia Cruzat<\/em> comenta sobre la importancia de estas charlas&nbsp; \u201clas instancias de humanizaci\u00f3n son s\u00faper importantes en el crecimiento del establecimiento,&nbsp;porque vamos pasando de ese modelo que siempre hemos hablado, hacia uno que van en&nbsp;beneficio de los usuarios y hacen m\u00e1s cercana la atenci\u00f3n\u201dexpres\u00f3.<\/p>\n\n\n\n<figure class=\"wp-block-audio\"><audio controls src=\"https:\/\/www.hospitaldetalca.cl\/2022\/wp-content\/uploads\/2026\/09\/Maria-Cecilia-Cruzat-Jefa-Subdepartamento-TS.mp3\"><\/audio><\/figure>\n\n\n\n<p>Asimismo, la<em> jefa del departamento de Servicio social, Paz Ramirez<\/em> comenta que la humanizaci\u00f3n en un pilar fundamental, tanto as\u00ed que el a\u00f1o pasado se creo un comite en la comunidad hospitalaria.<\/p>\n\n\n\n<p>\u201cSe han desarrollado algunas acciones&nbsp;clave,&nbsp;<strong>s<\/strong><strong>e constituy\u00f3 un comit\u00e9 de humanizaci\u00f3n <\/strong><strong>con<\/strong><strong>representantes de diferentes estamentos<\/strong>,&nbsp;&nbsp;que se enfocan en la mejora continua(&#8230;) adem\u00e1s <strong>la participaci\u00f3n a la jornada fue masiva, tuvimos alrededor de 300 funcionarios<\/strong> y nos dej\u00f3 un una vara bastante alta para el pr\u00f3ximo a\u00f1o&nbsp;\u201d relat\u00f3.<\/p>\n\n\n\n<figure class=\"wp-block-audio\"><audio controls src=\"https:\/\/www.hospitaldetalca.cl\/2022\/wp-content\/uploads\/2026\/09\/Paz-Ramirez-jefa-Servicio-Social-HRT.mp3\"><\/audio><\/figure>\n\n\n\n<p><strong>Una capacitaci\u00f3n transversal<\/strong><\/p>\n\n\n\n<p>La capacitaci\u00f3n no solo fue para los integrantes del HRT, tambi\u00e9n fue vinculada con la comunidad y <em>representantes del consejo consultivo, como lo es Mauricio Gonz\u00e1lez<\/em>, quien agradeci\u00f3 la invitaci\u00f3n:<\/p>\n\n\n\n<p>\u201cEstoy muy agradecido&nbsp;del hospital y su directora que generan este tipo de instancias, donde adem\u00e1s<strong> nos permitan a nosotros como representantes de la comunidad<\/strong><strong>poder asistir.<\/strong> Es muy importante capacitarnos como usuarios, conocer c\u00f3mo funciona el hospital, cu\u00e1les son sus necesidades&nbsp;y adem\u00e1s, precisamente participar de ellas&#8221; explic\u00f3.<\/p>\n\n\n\n<figure class=\"wp-block-audio\"><audio controls src=\"https:\/\/www.hospitaldetalca.cl\/2022\/wp-content\/uploads\/2026\/09\/Mauricio-Gonzalez-representante-consejo-.mp3\"><\/audio><\/figure>\n\n\n\n<figure class=\"wp-block-image size-large\"><img loading=\"lazy\" decoding=\"async\" width=\"1024\" height=\"683\" src=\"https:\/\/www.hospitaldetalca.cl\/2022\/wp-content\/uploads\/2026\/09\/IMG_0121-1024x683.jpg\" alt=\"\" class=\"wp-image-10888\" srcset=\"https:\/\/www.hospitaldetalca.cl\/2022\/wp-content\/uploads\/2026\/09\/IMG_0121-1024x683.jpg 1024w, https:\/\/www.hospitaldetalca.cl\/2022\/wp-content\/uploads\/2026\/09\/IMG_0121-300x200.jpg 300w, https:\/\/www.hospitaldetalca.cl\/2022\/wp-content\/uploads\/2026\/09\/IMG_0121-768x512.jpg 768w, https:\/\/www.hospitaldetalca.cl\/2022\/wp-content\/uploads\/2026\/09\/IMG_0121-1536x1024.jpg 1536w, https:\/\/www.hospitaldetalca.cl\/2022\/wp-content\/uploads\/2026\/09\/IMG_0121-2048x1365.jpg 2048w, https:\/\/www.hospitaldetalca.cl\/2022\/wp-content\/uploads\/2026\/09\/IMG_0121-219x146.jpg 219w, https:\/\/www.hospitaldetalca.cl\/2022\/wp-content\/uploads\/2026\/09\/IMG_0121-50x33.jpg 50w, https:\/\/www.hospitaldetalca.cl\/2022\/wp-content\/uploads\/2026\/09\/IMG_0121-113x75.jpg 113w\" sizes=\"auto, (max-width: 1024px) 100vw, 1024px\" \/><\/figure>\n\n\n\n<p>Para Andy \u00c1lvarez, expositor y psic\u00f3logo del departamento de humanizaci\u00f3n del&nbsp; Hospital Regional de Temuco, contar con este tipo de unidad significa un gran desaf\u00edo ya que conlleva la reestructuraci\u00f3n de c\u00f3mo se puede cuidar a un paciente, sus familias y a los equipos de salud.<\/p>\n\n\n\n<p>\u201cBuscamos entregar estas herramientas a los equipos para que prolifere la atenci\u00f3n en salud (&#8230;) sabemos que es sumamente complejo&nbsp;porque trae muchos cambios, nuevos pensamienos e incluso detractores, pero creemos firmemente que es lo necesario para modificar la percepci\u00f3n de las personas que asistenten a los recintos hospitalarios y generar una buena experiencia\u201d mencion\u00f3.<\/p>\n\n\n\n<figure class=\"wp-block-audio\"><audio controls src=\"https:\/\/www.hospitaldetalca.cl\/2022\/wp-content\/uploads\/2026\/09\/Andy-Alvarez-Psicologo-HR-Temuco.mp3\"><\/audio><\/figure>\n\n\n\n<p>Para la jefa de Servicio social,<strong> la humanizaci\u00f3n<\/strong> en salud es un desaf\u00edo constante en el hospital que <strong>se preoc<\/strong><strong>upa por la satisfacci\u00f3n usuaria y mejorar su experiencia<\/strong>, <strong>pero tambi\u00e9n de cuidar a quienes cuidan<\/strong>. Por lo que, la humanizaci\u00f3n es vista de una manera integral que considera tanto el entorno de la persona que acude a una atenci\u00f3n, como aquel que la otorga.<\/p>\n\n\n\n<figure class=\"wp-block-gallery has-nested-images columns-default is-cropped wp-block-gallery-1 is-layout-flex wp-block-gallery-is-layout-flex\">\n<figure class=\"wp-block-image size-large\"><img loading=\"lazy\" decoding=\"async\" width=\"1024\" height=\"683\" data-id=\"10885\" src=\"https:\/\/www.hospitaldetalca.cl\/2022\/wp-content\/uploads\/2026\/09\/IMG_0257-1024x683.jpg\" alt=\"\" class=\"wp-image-10885\" srcset=\"https:\/\/www.hospitaldetalca.cl\/2022\/wp-content\/uploads\/2026\/09\/IMG_0257-1024x683.jpg 1024w, https:\/\/www.hospitaldetalca.cl\/2022\/wp-content\/uploads\/2026\/09\/IMG_0257-300x200.jpg 300w, https:\/\/www.hospitaldetalca.cl\/2022\/wp-content\/uploads\/2026\/09\/IMG_0257-768x512.jpg 768w, https:\/\/www.hospitaldetalca.cl\/2022\/wp-content\/uploads\/2026\/09\/IMG_0257-1536x1024.jpg 1536w, https:\/\/www.hospitaldetalca.cl\/2022\/wp-content\/uploads\/2026\/09\/IMG_0257-2048x1365.jpg 2048w, https:\/\/www.hospitaldetalca.cl\/2022\/wp-content\/uploads\/2026\/09\/IMG_0257-219x146.jpg 219w, https:\/\/www.hospitaldetalca.cl\/2022\/wp-content\/uploads\/2026\/09\/IMG_0257-50x33.jpg 50w, https:\/\/www.hospitaldetalca.cl\/2022\/wp-content\/uploads\/2026\/09\/IMG_0257-113x75.jpg 113w\" sizes=\"auto, (max-width: 1024px) 100vw, 1024px\" \/><\/figure>\n\n\n\n<figure class=\"wp-block-image size-large\"><img loading=\"lazy\" decoding=\"async\" width=\"1024\" height=\"683\" data-id=\"10887\" src=\"https:\/\/www.hospitaldetalca.cl\/2022\/wp-content\/uploads\/2026\/09\/IMG_0267-1-1024x683.jpg\" alt=\"\" class=\"wp-image-10887\" srcset=\"https:\/\/www.hospitaldetalca.cl\/2022\/wp-content\/uploads\/2026\/09\/IMG_0267-1-1024x683.jpg 1024w, https:\/\/www.hospitaldetalca.cl\/2022\/wp-content\/uploads\/2026\/09\/IMG_0267-1-300x200.jpg 300w, https:\/\/www.hospitaldetalca.cl\/2022\/wp-content\/uploads\/2026\/09\/IMG_0267-1-768x512.jpg 768w, https:\/\/www.hospitaldetalca.cl\/2022\/wp-content\/uploads\/2026\/09\/IMG_0267-1-1536x1024.jpg 1536w, https:\/\/www.hospitaldetalca.cl\/2022\/wp-content\/uploads\/2026\/09\/IMG_0267-1-2048x1365.jpg 2048w, https:\/\/www.hospitaldetalca.cl\/2022\/wp-content\/uploads\/2026\/09\/IMG_0267-1-219x146.jpg 219w, https:\/\/www.hospitaldetalca.cl\/2022\/wp-content\/uploads\/2026\/09\/IMG_0267-1-50x33.jpg 50w, https:\/\/www.hospitaldetalca.cl\/2022\/wp-content\/uploads\/2026\/09\/IMG_0267-1-113x75.jpg 113w\" sizes=\"auto, (max-width: 1024px) 100vw, 1024px\" \/><\/figure>\n\n\n\n<figure class=\"wp-block-image size-large\"><img loading=\"lazy\" decoding=\"async\" width=\"1024\" height=\"683\" data-id=\"10886\" src=\"https:\/\/www.hospitaldetalca.cl\/2022\/wp-content\/uploads\/2026\/09\/IMG_0287-2-1024x683.jpg\" alt=\"\" class=\"wp-image-10886\" srcset=\"https:\/\/www.hospitaldetalca.cl\/2022\/wp-content\/uploads\/2026\/09\/IMG_0287-2-1024x683.jpg 1024w, https:\/\/www.hospitaldetalca.cl\/2022\/wp-content\/uploads\/2026\/09\/IMG_0287-2-300x200.jpg 300w, https:\/\/www.hospitaldetalca.cl\/2022\/wp-content\/uploads\/2026\/09\/IMG_0287-2-768x512.jpg 768w, https:\/\/www.hospitaldetalca.cl\/2022\/wp-content\/uploads\/2026\/09\/IMG_0287-2-1536x1024.jpg 1536w, https:\/\/www.hospitaldetalca.cl\/2022\/wp-content\/uploads\/2026\/09\/IMG_0287-2-2048x1365.jpg 2048w, https:\/\/www.hospitaldetalca.cl\/2022\/wp-content\/uploads\/2026\/09\/IMG_0287-2-219x146.jpg 219w, https:\/\/www.hospitaldetalca.cl\/2022\/wp-content\/uploads\/2026\/09\/IMG_0287-2-50x33.jpg 50w, https:\/\/www.hospitaldetalca.cl\/2022\/wp-content\/uploads\/2026\/09\/IMG_0287-2-113x75.jpg 113w\" sizes=\"auto, (max-width: 1024px) 100vw, 1024px\" \/><\/figure>\n<\/figure>\n\n\n\n<p>El HRT est\u00e1 progresando en nuevas y mejores soluciones para la atenci\u00f3n y este tipo de instancias ponen en valor la importancia del cuidado y el inter\u00e9s genuino de fortalecer los vinculos entre los profesionales y la comunidad.<\/p>\n","protected":false},"excerpt":{"rendered":"<p>En el Hospital Regional de Talca (HRT), se realiz\u00f3 una doble jornada que reuni\u00f3 expositores del Hospital Regional de Temuco Dr. Hern\u00e1n Henriquez Aravena, donde se<span class=\"excerpt-hellip\"> [\u2026]<\/span><\/p>\n","protected":false},"author":1,"featured_media":10882,"comment_status":"open","ping_status":"open","sticky":false,"template":"","format":"standard","meta":{"footnotes":""},"categories":[1],"tags":[],"class_list":["post-10880","post","type-post","status-publish","format-standard","has-post-thumbnail","hentry","category-uncategorized"],"_links":{"self":[{"href":"https:\/\/www.hospitaldetalca.cl\/2022\/index.php?rest_route=\/wp\/v2\/posts\/10880","targetHints":{"allow":["GET"]}}],"collection":[{"href":"https:\/\/www.hospitaldetalca.cl\/2022\/index.php?rest_route=\/wp\/v2\/posts"}],"about":[{"href":"https:\/\/www.hospitaldetalca.cl\/2022\/index.php?rest_route=\/wp\/v2\/types\/post"}],"author":[{"embeddable":true,"href":"https:\/\/www.hospitaldetalca.cl\/2022\/index.php?rest_route=\/wp\/v2\/users\/1"}],"replies":[{"embeddable":true,"href":"https:\/\/www.hospitaldetalca.cl\/2022\/index.php?rest_route=%2Fwp%2Fv2%2Fcomments&post=10880"}],"version-history":[{"count":1,"href":"https:\/\/www.hospitaldetalca.cl\/2022\/index.php?rest_route=\/wp\/v2\/posts\/10880\/revisions"}],"predecessor-version":[{"id":10893,"href":"https:\/\/www.hospitaldetalca.cl\/2022\/index.php?rest_route=\/wp\/v2\/posts\/10880\/revisions\/10893"}],"wp:featuredmedia":[{"embeddable":true,"href":"https:\/\/www.hospitaldetalca.cl\/2022\/index.php?rest_route=\/wp\/v2\/media\/10882"}],"wp:attachment":[{"href":"https:\/\/www.hospitaldetalca.cl\/2022\/index.php?rest_route=%2Fwp%2Fv2%2Fmedia&parent=10880"}],"wp:term":[{"taxonomy":"category","embeddable":true,"href":"https:\/\/www.hospitaldetalca.cl\/2022\/index.php?rest_route=%2Fwp%2Fv2%2Fcategories&post=10880"},{"taxonomy":"post_tag","embeddable":true,"href":"https:\/\/www.hospitaldetalca.cl\/2022\/index.php?rest_route=%2Fwp%2Fv2%2Ftags&post=10880"}],"curies":[{"name":"wp","href":"https:\/\/api.w.org\/{rel}","templated":true}]}}