{"id":10869,"date":"2026-09-03T11:50:03","date_gmt":"2026-09-03T15:50:03","guid":{"rendered":"https:\/\/www.hospitaldetalca.cl\/2022\/?p=10869"},"modified":"2026-09-03T11:50:04","modified_gmt":"2026-09-03T15:50:04","slug":"equipo-de-dialisis-peritoneal-crea-cuaderno-educativo-para-acompanar-a-pacientes-durante-su-terapia","status":"publish","type":"post","link":"https:\/\/www.hospitaldetalca.cl\/2022\/?p=10869","title":{"rendered":"Equipo de Di\u00e1lisis Peritoneal crea cuaderno educativo para acompa\u00f1ar a pacientes durante su terapia"},"content":{"rendered":"\n<p><strong>Una herramienta integral de educaci\u00f3n y autocuidado busca fortalecer la autonom\u00eda, seguridad y conocimientos de los pacientes que realizan Di\u00e1lisis Peritoneal.<\/strong><\/p>\n\n\n\n<figure class=\"wp-block-image size-large\"><img loading=\"lazy\" decoding=\"async\" width=\"768\" height=\"1024\" src=\"https:\/\/www.hospitaldetalca.cl\/2022\/wp-content\/uploads\/2026\/09\/b1d2d28e-74a1-49ec-aa01-09b2fdb10858-768x1024.jpg\" alt=\"\" class=\"wp-image-10870\" style=\"aspect-ratio:1;object-fit:cover\" srcset=\"https:\/\/www.hospitaldetalca.cl\/2022\/wp-content\/uploads\/2026\/09\/b1d2d28e-74a1-49ec-aa01-09b2fdb10858-768x1024.jpg 768w, https:\/\/www.hospitaldetalca.cl\/2022\/wp-content\/uploads\/2026\/09\/b1d2d28e-74a1-49ec-aa01-09b2fdb10858-225x300.jpg 225w, https:\/\/www.hospitaldetalca.cl\/2022\/wp-content\/uploads\/2026\/09\/b1d2d28e-74a1-49ec-aa01-09b2fdb10858-110x146.jpg 110w, https:\/\/www.hospitaldetalca.cl\/2022\/wp-content\/uploads\/2026\/09\/b1d2d28e-74a1-49ec-aa01-09b2fdb10858-38x50.jpg 38w, https:\/\/www.hospitaldetalca.cl\/2022\/wp-content\/uploads\/2026\/09\/b1d2d28e-74a1-49ec-aa01-09b2fdb10858-56x75.jpg 56w, https:\/\/www.hospitaldetalca.cl\/2022\/wp-content\/uploads\/2026\/09\/b1d2d28e-74a1-49ec-aa01-09b2fdb10858.jpg 960w\" sizes=\"auto, (max-width: 768px) 100vw, 768px\" \/><\/figure>\n\n\n\n<p>Con el prop\u00f3sito de entregar una herramienta pr\u00e1ctica que acompa\u00f1e a los pacientes durante las distintas etapas de su tratamiento, el equipo de Di\u00e1lisis Peritoneal desarroll\u00f3 un cuaderno educativo que re\u00fane informaci\u00f3n esencial sobre la terapia, el autocuidado y el manejo de situaciones de urgencia relacionadas con esta modalidad de tratamiento.<\/p>\n\n\n\n<p>\u201cLa iniciativa nace de la necesidad de contar con un material que permita a los pacientes y sus familias disponer de informaci\u00f3n clara, ordenada y accesible, favoreciendo su participaci\u00f3n activa en el cuidado de su salud y fortaleciendo su autonom\u00eda en el domicilio\u201d, se\u00f1al\u00f3 la enfermera del programa de Di\u00e1lisis Peritoneal, Victoria Silva.<\/p>\n\n\n\n<p>El cuaderno aborda diversos contenidos relacionados con la enfermedad renal, la Di\u00e1lisis Peritoneal y los cuidados asociados a la terapia. Adem\u00e1s, incorpora recomendaciones de alimentaci\u00f3n, signos de alerta y orientaciones sobre c\u00f3mo actuar frente a eventuales situaciones de urgencia, convirti\u00e9ndose en un material de consulta permanente para quienes realizan esta modalidad de tratamiento.<\/p>\n\n\n\n<p>Para su elaboraci\u00f3n se cont\u00f3 con el aporte de un equipo multidisciplinario integrado por enfermeras, nutricionistas y m\u00e9dicos del HRT, quienes contribuyeron desde sus distintas \u00e1reas de especialidad a recopilar y revisar la informaci\u00f3n necesaria para entregar una orientaci\u00f3n integral a los pacientes.<\/p>\n\n\n\n<p>La enfermera Roc\u00edo G\u00f3mez tuvo un rol fundamental en este proyecto, siendo quien recopil\u00f3, organiz\u00f3 y materializ\u00f3 los distintos aportes del equipo en el formato final del cuaderno.<\/p>\n\n\n\n<p>\u201cAl comienzo pensamos principalmente en reforzar algunos contenidos, pero con el tiempo nos fuimos dando cuenta de que, durante el per\u00edodo de entrenamiento en la t\u00e9cnica de di\u00e1lisis en casa, entreg\u00e1bamos mucha informaci\u00f3n valiosa e importante para el paciente. As\u00ed, poco a poco, fuimos incorporando nuevos contenidos, im\u00e1genes, referencias y distintos aspectos del cuidado, hasta que ese material, que inicialmente era solo un apoyo educativo, comenz\u00f3 a transformarse en algo mucho m\u00e1s completo\u201d, explic\u00f3 Roc\u00edo G\u00f3mez.<\/p>\n\n\n\n<figure class=\"wp-block-image size-large\"><img loading=\"lazy\" decoding=\"async\" width=\"768\" height=\"1024\" src=\"https:\/\/www.hospitaldetalca.cl\/2022\/wp-content\/uploads\/2026\/09\/IMG_3569-1-768x1024.jpg\" alt=\"\" class=\"wp-image-10873\" style=\"aspect-ratio:16\/9;object-fit:cover\" srcset=\"https:\/\/www.hospitaldetalca.cl\/2022\/wp-content\/uploads\/2026\/09\/IMG_3569-1-768x1024.jpg 768w, https:\/\/www.hospitaldetalca.cl\/2022\/wp-content\/uploads\/2026\/09\/IMG_3569-1-225x300.jpg 225w, https:\/\/www.hospitaldetalca.cl\/2022\/wp-content\/uploads\/2026\/09\/IMG_3569-1-1152x1536.jpg 1152w, https:\/\/www.hospitaldetalca.cl\/2022\/wp-content\/uploads\/2026\/09\/IMG_3569-1-1536x2048.jpg 1536w, https:\/\/www.hospitaldetalca.cl\/2022\/wp-content\/uploads\/2026\/09\/IMG_3569-1-110x146.jpg 110w, https:\/\/www.hospitaldetalca.cl\/2022\/wp-content\/uploads\/2026\/09\/IMG_3569-1-38x50.jpg 38w, https:\/\/www.hospitaldetalca.cl\/2022\/wp-content\/uploads\/2026\/09\/IMG_3569-1-56x75.jpg 56w, https:\/\/www.hospitaldetalca.cl\/2022\/wp-content\/uploads\/2026\/09\/IMG_3569-1-scaled.jpg 1920w\" sizes=\"auto, (max-width: 768px) 100vw, 768px\" \/><\/figure>\n\n\n\n<p>Con el apoyo y el incentivo de la Dra. Alondra Fr\u00edas, surgi\u00f3 entonces la idea de convertir este material en un libro que pudiera acompa\u00f1ar al paciente tambi\u00e9n despu\u00e9s de finalizar su entrenamiento, esta iniciativa tuvo una excelente acogida con el equipo de abastecimiento de nuestro hospital, que nos apoyaron con la gesti\u00f3n necesaria para la impresi\u00f3n del cuaderno.<\/p>\n\n\n\n<p>\u201cEsperamos que este libro se transforme justamente en una gu\u00eda de acompa\u00f1amiento, una herramienta a la que el paciente y su familia puedan volver cada vez que lo necesiten\u201d, agreg\u00f3 la enfermera Roc\u00edo G\u00f3mez.<\/p>\n\n\n\n<p>Con esta iniciativa, el equipo de Di\u00e1lisis Peritoneal del HRT reafirma su compromiso con la educaci\u00f3n, el autocuidado y el fortalecimiento de la autonom\u00eda de sus pacientes. El proyecto destaca, adem\u00e1s, el trabajo colaborativo de profesionales que comparten un objetivo com\u00fan: entregar una atenci\u00f3n segura, cercana y de calidad a las personas que viven con enfermedad renal en la Regi\u00f3n del Maule.<\/p>\n\n\n\n<figure class=\"wp-block-image size-large\"><img loading=\"lazy\" decoding=\"async\" width=\"1024\" height=\"768\" src=\"https:\/\/www.hospitaldetalca.cl\/2022\/wp-content\/uploads\/2026\/09\/067943cb-81b2-4ac7-ab85-185f54eac644-1024x768.jpg\" alt=\"\" class=\"wp-image-10874\" srcset=\"https:\/\/www.hospitaldetalca.cl\/2022\/wp-content\/uploads\/2026\/09\/067943cb-81b2-4ac7-ab85-185f54eac644-1024x768.jpg 1024w, https:\/\/www.hospitaldetalca.cl\/2022\/wp-content\/uploads\/2026\/09\/067943cb-81b2-4ac7-ab85-185f54eac644-300x225.jpg 300w, https:\/\/www.hospitaldetalca.cl\/2022\/wp-content\/uploads\/2026\/09\/067943cb-81b2-4ac7-ab85-185f54eac644-768x576.jpg 768w, https:\/\/www.hospitaldetalca.cl\/2022\/wp-content\/uploads\/2026\/09\/067943cb-81b2-4ac7-ab85-185f54eac644-1536x1152.jpg 1536w, https:\/\/www.hospitaldetalca.cl\/2022\/wp-content\/uploads\/2026\/09\/067943cb-81b2-4ac7-ab85-185f54eac644-2048x1536.jpg 2048w, https:\/\/www.hospitaldetalca.cl\/2022\/wp-content\/uploads\/2026\/09\/067943cb-81b2-4ac7-ab85-185f54eac644-195x146.jpg 195w, https:\/\/www.hospitaldetalca.cl\/2022\/wp-content\/uploads\/2026\/09\/067943cb-81b2-4ac7-ab85-185f54eac644-50x38.jpg 50w, https:\/\/www.hospitaldetalca.cl\/2022\/wp-content\/uploads\/2026\/09\/067943cb-81b2-4ac7-ab85-185f54eac644-100x75.jpg 100w, https:\/\/www.hospitaldetalca.cl\/2022\/wp-content\/uploads\/2026\/09\/067943cb-81b2-4ac7-ab85-185f54eac644-480x360.jpg 480w\" sizes=\"auto, (max-width: 1024px) 100vw, 1024px\" \/><\/figure>\n","protected":false},"excerpt":{"rendered":"<p>Una herramienta integral de educaci\u00f3n y autocuidado busca fortalecer la autonom\u00eda, seguridad y conocimientos de los pacientes que realizan Di\u00e1lisis Peritoneal. Con el prop\u00f3sito de entregar<span class=\"excerpt-hellip\"> [\u2026]<\/span><\/p>\n","protected":false},"author":1,"featured_media":10872,"comment_status":"open","ping_status":"open","sticky":false,"template":"","format":"standard","meta":{"footnotes":""},"categories":[1],"tags":[],"class_list":["post-10869","post","type-post","status-publish","format-standard","has-post-thumbnail","hentry","category-uncategorized"],"_links":{"self":[{"href":"https:\/\/www.hospitaldetalca.cl\/2022\/index.php?rest_route=\/wp\/v2\/posts\/10869","targetHints":{"allow":["GET"]}}],"collection":[{"href":"https:\/\/www.hospitaldetalca.cl\/2022\/index.php?rest_route=\/wp\/v2\/posts"}],"about":[{"href":"https:\/\/www.hospitaldetalca.cl\/2022\/index.php?rest_route=\/wp\/v2\/types\/post"}],"author":[{"embeddable":true,"href":"https:\/\/www.hospitaldetalca.cl\/2022\/index.php?rest_route=\/wp\/v2\/users\/1"}],"replies":[{"embeddable":true,"href":"https:\/\/www.hospitaldetalca.cl\/2022\/index.php?rest_route=%2Fwp%2Fv2%2Fcomments&post=10869"}],"version-history":[{"count":1,"href":"https:\/\/www.hospitaldetalca.cl\/2022\/index.php?rest_route=\/wp\/v2\/posts\/10869\/revisions"}],"predecessor-version":[{"id":10875,"href":"https:\/\/www.hospitaldetalca.cl\/2022\/index.php?rest_route=\/wp\/v2\/posts\/10869\/revisions\/10875"}],"wp:featuredmedia":[{"embeddable":true,"href":"https:\/\/www.hospitaldetalca.cl\/2022\/index.php?rest_route=\/wp\/v2\/media\/10872"}],"wp:attachment":[{"href":"https:\/\/www.hospitaldetalca.cl\/2022\/index.php?rest_route=%2Fwp%2Fv2%2Fmedia&parent=10869"}],"wp:term":[{"taxonomy":"category","embeddable":true,"href":"https:\/\/www.hospitaldetalca.cl\/2022\/index.php?rest_route=%2Fwp%2Fv2%2Fcategories&post=10869"},{"taxonomy":"post_tag","embeddable":true,"href":"https:\/\/www.hospitaldetalca.cl\/2022\/index.php?rest_route=%2Fwp%2Fv2%2Ftags&post=10869"}],"curies":[{"name":"wp","href":"https:\/\/api.w.org\/{rel}","templated":true}]}}